{"id":588,"date":"2020-12-09T11:43:17","date_gmt":"2020-12-09T11:43:17","guid":{"rendered":"https:\/\/benditonopal.es\/?p=588"},"modified":"2020-12-09T11:49:46","modified_gmt":"2020-12-09T11:49:46","slug":"mexicanos-en-galicia-con-julia-acevedo","status":"publish","type":"post","link":"https:\/\/benditonopal.es\/?p=588","title":{"rendered":"Mexicanos en Galicia con Julia Acevedo"},"content":{"rendered":"\n<p class=\"has-drop-cap\">En este episodio de podcast \u00abUn Mexicano en Espa\u00f1a\u00bb pude invitar a \u00abBendito Nopal\u00bb a Julia Acevedo, miembro y fundadora del colectivo \u00abMexicanos en Galicia\u00bb quien nos hablo de su experiencia en Espa\u00f1a y sus proyectos con la organizaci\u00f3n y comunidad de Mexicanos,  hablamos de la idea de apoyar a toda la gente mexicana.<\/p>\n\n\n\n<p>Mexicanos en Galicia fue fundada hace 15 a\u00f1os para el apoyo de toda la gente mexicana, originalmente para unir y sentirse como si estuvieras en el pa\u00eds, con experiencias, ideolog\u00edas, cultural y no dejar atr\u00e1s nuestras tradiciones. <\/p>\n\n\n\n<p>Exposiciones, eventos y la cultura mexicana es algo de lo primordial dentro del grupo, promover a M\u00e9xico no solo como pa\u00eds, si no como identidad de cada uno de los que vivimos fuera de el.<\/p>\n\n\n\n<p>Gracias a Julia por haber compartido esta charla esperando estar pronto tener un nuevo episodio<\/p>\n\n\n\n<p>Bendito Nopal se une a todas las colaboraciones que pueda para beneficio de Mexicanos en Galicia.<\/p>\n\n\n\n<p>Invitamos a todos los mexicanos que vivan en Galicia o est\u00e9n de paseo para unirse al grupo y vivan esa experiencia.<\/p>\n\n\n\n<p>En facebook <a href=\"https:\/\/www.facebook.com\/mexicanosengalicia\">https:\/\/www.facebook.com\/mexicanosengalicia<\/a> <\/p>\n\n\n\n<p>Pueden escuchar el podcast por las apps de  Spotify o Ivoox o el siguiente enlace, no olvides seguirnos en nuestras redes sociales <\/p>\n\n\n\n<figure class=\"wp-block-image size-large\"><img decoding=\"async\" width=\"1024\" height=\"341\" src=\"https:\/\/benditonopal.es\/wp-content\/uploads\/2020\/12\/1mex-en-galicia-1-1024x341.jpg\" alt=\"\" class=\"wp-image-591\" srcset=\"https:\/\/benditonopal.es\/wp-content\/uploads\/2020\/12\/1mex-en-galicia-1-1024x341.jpg 1024w, https:\/\/benditonopal.es\/wp-content\/uploads\/2020\/12\/1mex-en-galicia-1-300x100.jpg 300w, https:\/\/benditonopal.es\/wp-content\/uploads\/2020\/12\/1mex-en-galicia-1-768x256.jpg 768w, https:\/\/benditonopal.es\/wp-content\/uploads\/2020\/12\/1mex-en-galicia-1-600x200.jpg 600w, https:\/\/benditonopal.es\/wp-content\/uploads\/2020\/12\/1mex-en-galicia-1.jpg 1500w\" sizes=\"(max-width: 1024px) 100vw, 1024px\" \/><\/figure>\n\n\n\n<figure class=\"wp-block-embed-spotify wp-block-embed is-type-rich is-provider-spotify wp-embed-aspect-21-9 wp-has-aspect-ratio\"><div class=\"wp-block-embed__wrapper\">\n<iframe title=\"Spotify Embed: Mexicanos en Galicia con Julia Acevedo\" style=\"border-radius: 12px\" width=\"100%\" height=\"152\" frameborder=\"0\" allowfullscreen allow=\"autoplay; clipboard-write; encrypted-media; fullscreen; picture-in-picture\" loading=\"lazy\" src=\"https:\/\/open.spotify.com\/embed\/episode\/12dnwvgfhQdpfGIe5wgUTK?si=PHN5PdyERcS1dTQNT6VgTg&#038;utm_source=oembed\"><\/iframe>\n<\/div><\/figure>\n\n\n\n<figure class=\"wp-block-image size-large is-resized\"><img decoding=\"async\" src=\"https:\/\/benditonopal.es\/wp-content\/uploads\/2020\/08\/yayodavila-por-1024x393.jpg\" alt=\"\" class=\"wp-image-468\" width=\"316\" height=\"121\" srcset=\"https:\/\/benditonopal.es\/wp-content\/uploads\/2020\/08\/yayodavila-por-1024x393.jpg 1024w, https:\/\/benditonopal.es\/wp-content\/uploads\/2020\/08\/yayodavila-por-300x115.jpg 300w, https:\/\/benditonopal.es\/wp-content\/uploads\/2020\/08\/yayodavila-por-768x295.jpg 768w, https:\/\/benditonopal.es\/wp-content\/uploads\/2020\/08\/yayodavila-por-1536x589.jpg 1536w, https:\/\/benditonopal.es\/wp-content\/uploads\/2020\/08\/yayodavila-por-2048x786.jpg 2048w, https:\/\/benditonopal.es\/wp-content\/uploads\/2020\/08\/yayodavila-por-600x230.jpg 600w\" sizes=\"(max-width: 316px) 100vw, 316px\" \/><\/figure>\n","protected":false},"excerpt":{"rendered":"<p>En este episodio de podcast \u00abUn Mexicano en Espa\u00f1a\u00bb pude invitar a \u00abBendito Nopal\u00bb a Julia Acevedo, miembro y fundadora del colectivo \u00abMexicanos en Galicia\u00bb quien nos hablo de su experiencia en Espa\u00f1a y sus proyectos con la organizaci\u00f3n y comunidad de Mexicanos, hablamos de la idea de apoyar a toda la gente mexicana. Mexicanos &hellip;<\/p>\n<p class=\"read-more\"> <a class=\"\" href=\"https:\/\/benditonopal.es\/?p=588\"> <span class=\"screen-reader-text\">Mexicanos en Galicia con Julia Acevedo<\/span> Leer m\u00e1s &raquo;<\/a><\/p>\n","protected":false},"author":1,"featured_media":590,"comment_status":"open","ping_status":"open","sticky":false,"template":"","format":"standard","meta":{"_jetpack_memberships_contains_paid_content":false,"_joinchat":[],"footnotes":""},"categories":[41],"tags":[],"yoast_head":"<!-- This site is optimized with the Yoast SEO plugin v23.3 - https:\/\/yoast.com\/wordpress\/plugins\/seo\/ -->\n<title>Mexicanos en Galicia con Julia Acevedo - BenditoNopal.es<\/title>\n<meta name=\"description\" content=\"En este episodio de podcast &quot;Un Mexicano en Espa\u00f1a&quot; pude invitar a &quot;Bendito Nopal&quot; a Julia Acevedo, miembro y fundadora del colectivo &quot;Mexicanos en Galicia&quot;\" \/>\n<meta name=\"robots\" content=\"index, follow, max-snippet:-1, max-image-preview:large, max-video-preview:-1\" \/>\n<link rel=\"canonical\" href=\"https:\/\/benditonopal.es\/?p=588\" \/>\n<meta property=\"og:locale\" content=\"es_ES\" \/>\n<meta property=\"og:type\" content=\"article\" \/>\n<meta property=\"og:title\" content=\"Mexicanos en Galicia con Julia Acevedo - BenditoNopal.es\" \/>\n<meta property=\"og:description\" content=\"En este episodio de podcast &quot;Un Mexicano en Espa\u00f1a&quot; pude invitar a &quot;Bendito Nopal&quot; a Julia Acevedo, miembro y fundadora del colectivo &quot;Mexicanos en Galicia&quot;\" \/>\n<meta property=\"og:url\" content=\"https:\/\/benditonopal.es\/?p=588\" \/>\n<meta property=\"og:site_name\" content=\"BenditoNopal.es\" \/>\n<meta property=\"article:published_time\" content=\"2020-12-09T11:43:17+00:00\" \/>\n<meta property=\"article:modified_time\" content=\"2020-12-09T11:49:46+00:00\" \/>\n<meta property=\"og:image\" content=\"https:\/\/benditonopal.es\/wp-content\/uploads\/2020\/12\/1mex-en-galicia1.jpg\" \/>\n\t<meta property=\"og:image:width\" content=\"337\" \/>\n\t<meta property=\"og:image:height\" content=\"339\" \/>\n\t<meta property=\"og:image:type\" content=\"image\/jpeg\" \/>\n<meta name=\"author\" content=\"admin\" \/>\n<meta name=\"twitter:card\" content=\"summary_large_image\" \/>\n<meta name=\"twitter:label1\" content=\"Escrito por\" \/>\n\t<meta name=\"twitter:data1\" content=\"admin\" \/>\n\t<meta name=\"twitter:label2\" content=\"Tiempo de lectura\" \/>\n\t<meta name=\"twitter:data2\" content=\"1 minuto\" \/>\n<script type=\"application\/ld+json\" class=\"yoast-schema-graph\">{\"@context\":\"https:\/\/schema.org\",\"@graph\":[{\"@type\":\"Article\",\"@id\":\"https:\/\/benditonopal.es\/?p=588#article\",\"isPartOf\":{\"@id\":\"https:\/\/benditonopal.es\/?p=588\"},\"author\":{\"name\":\"admin\",\"@id\":\"https:\/\/benditonopal.es\/#\/schema\/person\/70ef7d4913b3b59dc3fa37cb9bbd2c25\"},\"headline\":\"Mexicanos en Galicia con Julia Acevedo\",\"datePublished\":\"2020-12-09T11:43:17+00:00\",\"dateModified\":\"2020-12-09T11:49:46+00:00\",\"mainEntityOfPage\":{\"@id\":\"https:\/\/benditonopal.es\/?p=588\"},\"wordCount\":234,\"commentCount\":0,\"publisher\":{\"@id\":\"https:\/\/benditonopal.es\/#organization\"},\"image\":{\"@id\":\"https:\/\/benditonopal.es\/?p=588#primaryimage\"},\"thumbnailUrl\":\"https:\/\/benditonopal.es\/wp-content\/uploads\/2020\/12\/1mex-en-galicia1.jpg\",\"articleSection\":[\"Podcast\"],\"inLanguage\":\"es\",\"potentialAction\":[{\"@type\":\"CommentAction\",\"name\":\"Comment\",\"target\":[\"https:\/\/benditonopal.es\/?p=588#respond\"]}]},{\"@type\":\"WebPage\",\"@id\":\"https:\/\/benditonopal.es\/?p=588\",\"url\":\"https:\/\/benditonopal.es\/?p=588\",\"name\":\"Mexicanos en Galicia con Julia Acevedo - BenditoNopal.es\",\"isPartOf\":{\"@id\":\"https:\/\/benditonopal.es\/#website\"},\"primaryImageOfPage\":{\"@id\":\"https:\/\/benditonopal.es\/?p=588#primaryimage\"},\"image\":{\"@id\":\"https:\/\/benditonopal.es\/?p=588#primaryimage\"},\"thumbnailUrl\":\"https:\/\/benditonopal.es\/wp-content\/uploads\/2020\/12\/1mex-en-galicia1.jpg\",\"datePublished\":\"2020-12-09T11:43:17+00:00\",\"dateModified\":\"2020-12-09T11:49:46+00:00\",\"description\":\"En este episodio de podcast \\\"Un Mexicano en Espa\u00f1a\\\" pude invitar a \\\"Bendito Nopal\\\" a Julia Acevedo, miembro y fundadora del colectivo \\\"Mexicanos en Galicia\\\"\",\"breadcrumb\":{\"@id\":\"https:\/\/benditonopal.es\/?p=588#breadcrumb\"},\"inLanguage\":\"es\",\"potentialAction\":[{\"@type\":\"ReadAction\",\"target\":[\"https:\/\/benditonopal.es\/?p=588\"]}]},{\"@type\":\"ImageObject\",\"inLanguage\":\"es\",\"@id\":\"https:\/\/benditonopal.es\/?p=588#primaryimage\",\"url\":\"https:\/\/benditonopal.es\/wp-content\/uploads\/2020\/12\/1mex-en-galicia1.jpg\",\"contentUrl\":\"https:\/\/benditonopal.es\/wp-content\/uploads\/2020\/12\/1mex-en-galicia1.jpg\",\"width\":337,\"height\":339},{\"@type\":\"BreadcrumbList\",\"@id\":\"https:\/\/benditonopal.es\/?p=588#breadcrumb\",\"itemListElement\":[{\"@type\":\"ListItem\",\"position\":1,\"name\":\"Portada\",\"item\":\"https:\/\/benditonopal.es\/\"},{\"@type\":\"ListItem\",\"position\":2,\"name\":\"Mexicanos en Galicia con Julia Acevedo\"}]},{\"@type\":\"WebSite\",\"@id\":\"https:\/\/benditonopal.es\/#website\",\"url\":\"https:\/\/benditonopal.es\/\",\"name\":\"BenditoNopal.es\",\"description\":\"Una verdadera experiencia mexicana\",\"publisher\":{\"@id\":\"https:\/\/benditonopal.es\/#organization\"},\"potentialAction\":[{\"@type\":\"SearchAction\",\"target\":{\"@type\":\"EntryPoint\",\"urlTemplate\":\"https:\/\/benditonopal.es\/?s={search_term_string}\"},\"query-input\":\"required name=search_term_string\"}],\"inLanguage\":\"es\"},{\"@type\":\"Organization\",\"@id\":\"https:\/\/benditonopal.es\/#organization\",\"name\":\"BenditoNopal.es\",\"url\":\"https:\/\/benditonopal.es\/\",\"logo\":{\"@type\":\"ImageObject\",\"inLanguage\":\"es\",\"@id\":\"https:\/\/benditonopal.es\/#\/schema\/logo\/image\/\",\"url\":\"https:\/\/benditonopal.es\/wp-content\/uploads\/2020\/05\/cropped-logo-bnopal-scaled-7.jpg\",\"contentUrl\":\"https:\/\/benditonopal.es\/wp-content\/uploads\/2020\/05\/cropped-logo-bnopal-scaled-7.jpg\",\"width\":2560,\"height\":1055,\"caption\":\"BenditoNopal.es\"},\"image\":{\"@id\":\"https:\/\/benditonopal.es\/#\/schema\/logo\/image\/\"}},{\"@type\":\"Person\",\"@id\":\"https:\/\/benditonopal.es\/#\/schema\/person\/70ef7d4913b3b59dc3fa37cb9bbd2c25\",\"name\":\"admin\",\"image\":{\"@type\":\"ImageObject\",\"inLanguage\":\"es\",\"@id\":\"https:\/\/benditonopal.es\/#\/schema\/person\/image\/\",\"url\":\"https:\/\/secure.gravatar.com\/avatar\/2370b853b00c127ff944cc34e18a49a6?s=96&d=mm&r=g\",\"contentUrl\":\"https:\/\/secure.gravatar.com\/avatar\/2370b853b00c127ff944cc34e18a49a6?s=96&d=mm&r=g\",\"caption\":\"admin\"},\"sameAs\":[\"https:\/\/benditonopal.es\"],\"url\":\"https:\/\/benditonopal.es\/?author=1\"}]}<\/script>\n<!-- \/ Yoast SEO plugin. -->","yoast_head_json":{"title":"Mexicanos en Galicia con Julia Acevedo - BenditoNopal.es","description":"En este episodio de podcast \"Un Mexicano en Espa\u00f1a\" pude invitar a \"Bendito Nopal\" a Julia Acevedo, miembro y fundadora del colectivo \"Mexicanos en Galicia\"","robots":{"index":"index","follow":"follow","max-snippet":"max-snippet:-1","max-image-preview":"max-image-preview:large","max-video-preview":"max-video-preview:-1"},"canonical":"https:\/\/benditonopal.es\/?p=588","og_locale":"es_ES","og_type":"article","og_title":"Mexicanos en Galicia con Julia Acevedo - BenditoNopal.es","og_description":"En este episodio de podcast \"Un Mexicano en Espa\u00f1a\" pude invitar a \"Bendito Nopal\" a Julia Acevedo, miembro y fundadora del colectivo \"Mexicanos en Galicia\"","og_url":"https:\/\/benditonopal.es\/?p=588","og_site_name":"BenditoNopal.es","article_published_time":"2020-12-09T11:43:17+00:00","article_modified_time":"2020-12-09T11:49:46+00:00","og_image":[{"width":337,"height":339,"url":"https:\/\/benditonopal.es\/wp-content\/uploads\/2020\/12\/1mex-en-galicia1.jpg","type":"image\/jpeg"}],"author":"admin","twitter_card":"summary_large_image","twitter_misc":{"Escrito por":"admin","Tiempo de lectura":"1 minuto"},"schema":{"@context":"https:\/\/schema.org","@graph":[{"@type":"Article","@id":"https:\/\/benditonopal.es\/?p=588#article","isPartOf":{"@id":"https:\/\/benditonopal.es\/?p=588"},"author":{"name":"admin","@id":"https:\/\/benditonopal.es\/#\/schema\/person\/70ef7d4913b3b59dc3fa37cb9bbd2c25"},"headline":"Mexicanos en Galicia con Julia Acevedo","datePublished":"2020-12-09T11:43:17+00:00","dateModified":"2020-12-09T11:49:46+00:00","mainEntityOfPage":{"@id":"https:\/\/benditonopal.es\/?p=588"},"wordCount":234,"commentCount":0,"publisher":{"@id":"https:\/\/benditonopal.es\/#organization"},"image":{"@id":"https:\/\/benditonopal.es\/?p=588#primaryimage"},"thumbnailUrl":"https:\/\/benditonopal.es\/wp-content\/uploads\/2020\/12\/1mex-en-galicia1.jpg","articleSection":["Podcast"],"inLanguage":"es","potentialAction":[{"@type":"CommentAction","name":"Comment","target":["https:\/\/benditonopal.es\/?p=588#respond"]}]},{"@type":"WebPage","@id":"https:\/\/benditonopal.es\/?p=588","url":"https:\/\/benditonopal.es\/?p=588","name":"Mexicanos en Galicia con Julia Acevedo - BenditoNopal.es","isPartOf":{"@id":"https:\/\/benditonopal.es\/#website"},"primaryImageOfPage":{"@id":"https:\/\/benditonopal.es\/?p=588#primaryimage"},"image":{"@id":"https:\/\/benditonopal.es\/?p=588#primaryimage"},"thumbnailUrl":"https:\/\/benditonopal.es\/wp-content\/uploads\/2020\/12\/1mex-en-galicia1.jpg","datePublished":"2020-12-09T11:43:17+00:00","dateModified":"2020-12-09T11:49:46+00:00","description":"En este episodio de podcast \"Un Mexicano en Espa\u00f1a\" pude invitar a \"Bendito Nopal\" a Julia Acevedo, miembro y fundadora del colectivo \"Mexicanos en Galicia\"","breadcrumb":{"@id":"https:\/\/benditonopal.es\/?p=588#breadcrumb"},"inLanguage":"es","potentialAction":[{"@type":"ReadAction","target":["https:\/\/benditonopal.es\/?p=588"]}]},{"@type":"ImageObject","inLanguage":"es","@id":"https:\/\/benditonopal.es\/?p=588#primaryimage","url":"https:\/\/benditonopal.es\/wp-content\/uploads\/2020\/12\/1mex-en-galicia1.jpg","contentUrl":"https:\/\/benditonopal.es\/wp-content\/uploads\/2020\/12\/1mex-en-galicia1.jpg","width":337,"height":339},{"@type":"BreadcrumbList","@id":"https:\/\/benditonopal.es\/?p=588#breadcrumb","itemListElement":[{"@type":"ListItem","position":1,"name":"Portada","item":"https:\/\/benditonopal.es\/"},{"@type":"ListItem","position":2,"name":"Mexicanos en Galicia con Julia Acevedo"}]},{"@type":"WebSite","@id":"https:\/\/benditonopal.es\/#website","url":"https:\/\/benditonopal.es\/","name":"BenditoNopal.es","description":"Una verdadera experiencia mexicana","publisher":{"@id":"https:\/\/benditonopal.es\/#organization"},"potentialAction":[{"@type":"SearchAction","target":{"@type":"EntryPoint","urlTemplate":"https:\/\/benditonopal.es\/?s={search_term_string}"},"query-input":"required name=search_term_string"}],"inLanguage":"es"},{"@type":"Organization","@id":"https:\/\/benditonopal.es\/#organization","name":"BenditoNopal.es","url":"https:\/\/benditonopal.es\/","logo":{"@type":"ImageObject","inLanguage":"es","@id":"https:\/\/benditonopal.es\/#\/schema\/logo\/image\/","url":"https:\/\/benditonopal.es\/wp-content\/uploads\/2020\/05\/cropped-logo-bnopal-scaled-7.jpg","contentUrl":"https:\/\/benditonopal.es\/wp-content\/uploads\/2020\/05\/cropped-logo-bnopal-scaled-7.jpg","width":2560,"height":1055,"caption":"BenditoNopal.es"},"image":{"@id":"https:\/\/benditonopal.es\/#\/schema\/logo\/image\/"}},{"@type":"Person","@id":"https:\/\/benditonopal.es\/#\/schema\/person\/70ef7d4913b3b59dc3fa37cb9bbd2c25","name":"admin","image":{"@type":"ImageObject","inLanguage":"es","@id":"https:\/\/benditonopal.es\/#\/schema\/person\/image\/","url":"https:\/\/secure.gravatar.com\/avatar\/2370b853b00c127ff944cc34e18a49a6?s=96&d=mm&r=g","contentUrl":"https:\/\/secure.gravatar.com\/avatar\/2370b853b00c127ff944cc34e18a49a6?s=96&d=mm&r=g","caption":"admin"},"sameAs":["https:\/\/benditonopal.es"],"url":"https:\/\/benditonopal.es\/?author=1"}]}},"jetpack_sharing_enabled":true,"jetpack_featured_media_url":"https:\/\/benditonopal.es\/wp-content\/uploads\/2020\/12\/1mex-en-galicia1.jpg","_links":{"self":[{"href":"https:\/\/benditonopal.es\/index.php?rest_route=\/wp\/v2\/posts\/588"}],"collection":[{"href":"https:\/\/benditonopal.es\/index.php?rest_route=\/wp\/v2\/posts"}],"about":[{"href":"https:\/\/benditonopal.es\/index.php?rest_route=\/wp\/v2\/types\/post"}],"author":[{"embeddable":true,"href":"https:\/\/benditonopal.es\/index.php?rest_route=\/wp\/v2\/users\/1"}],"replies":[{"embeddable":true,"href":"https:\/\/benditonopal.es\/index.php?rest_route=%2Fwp%2Fv2%2Fcomments&post=588"}],"version-history":[{"count":2,"href":"https:\/\/benditonopal.es\/index.php?rest_route=\/wp\/v2\/posts\/588\/revisions"}],"predecessor-version":[{"id":594,"href":"https:\/\/benditonopal.es\/index.php?rest_route=\/wp\/v2\/posts\/588\/revisions\/594"}],"wp:featuredmedia":[{"embeddable":true,"href":"https:\/\/benditonopal.es\/index.php?rest_route=\/wp\/v2\/media\/590"}],"wp:attachment":[{"href":"https:\/\/benditonopal.es\/index.php?rest_route=%2Fwp%2Fv2%2Fmedia&parent=588"}],"wp:term":[{"taxonomy":"category","embeddable":true,"href":"https:\/\/benditonopal.es\/index.php?rest_route=%2Fwp%2Fv2%2Fcategories&post=588"},{"taxonomy":"post_tag","embeddable":true,"href":"https:\/\/benditonopal.es\/index.php?rest_route=%2Fwp%2Fv2%2Ftags&post=588"}],"curies":[{"name":"wp","href":"https:\/\/api.w.org\/{rel}","templated":true}]}}