{"id":506,"date":"2020-10-27T17:02:25","date_gmt":"2020-10-27T17:02:25","guid":{"rendered":"https:\/\/benditonopal.es\/?p=506"},"modified":"2020-11-01T13:17:53","modified_gmt":"2020-11-01T13:17:53","slug":"dia-de-muertos","status":"publish","type":"post","link":"https:\/\/benditonopal.es\/?p=506","title":{"rendered":"DIA DE MUERTOS"},"content":{"rendered":"\n<p class=\"has-medium-font-size\">D\u00eda para que todos nuestros difuntos regresen a visitarnos; es la festividad del Dia de Muertos, en M\u00e9xico se celebra y hoy queremos compartirlo fuera de \u00e9l. Para esto tenemos que remontarnos a la historia, a la \u00e9poca prehisp\u00e1nica y colonial para entender un poco de esta tradici\u00f3n.<\/p>\n\n\n\n<p class=\"has-medium-font-size\">Cuenta la historia que los or\u00edgenes son antes de la llegada de los espa\u00f1oles, cuando los aut\u00f3ctonos mexicas ten\u00edan una visi\u00f3n diferente al acto de morir, era el comienzo de un viaje al inframundo o al reino de los muertos como com\u00fanmente lo llamaban, desde ah\u00ed comenz\u00f3 la variaci\u00f3n de ideolog\u00edas donde se mencionaba que el viaje al inframundo duraba 4 d\u00edas o m\u00e1s, en esa \u00e9poca era com\u00fan conservar los cr\u00e1neos y mostrarlos en rituales simbolizando el renacimiento, tambi\u00e9n se mencionaba que las almas que mor\u00edan en circunstancias inusuales eran destinados a distintos tipos de inframundo.<\/p>\n\n\n\n<p class=\"has-medium-font-size\">Ya en la \u00e9poca colonial tras la conquista se observa una mezcla interesante de religiones prehisp\u00e1nica y cat\u00f3lica, el choque de culturas que hubo genero diferentes opiniones entre creencias del viejo y el nuevo mundo, fue en el siglo XVI donde comienza la historia en forma paulatina, hasta llegar a la festividad que conocemos hoy en d\u00eda. <\/p>\n\n\n\n<p class=\"has-medium-font-size\">Cada elemento que compartimos en el atar de muertos es muy importante, aqu\u00ed te explico un poco de su significado de cada uno:<\/p>\n\n\n\n<p class=\"has-medium-font-size\">&#8211; Flores de cempas\u00fachil: Marca el camino de las almas con su olor y color.<\/p>\n\n\n\n<p class=\"has-medium-font-size\">&#8211; Comida favorita: Representa los gusto del difunto en la mesa y volverlo a deleitar durante su visita.<\/p>\n\n\n\n<p class=\"has-medium-font-size\">&#8211; Pan de Muerto: Representa la generosidad del anfitri\u00f3n y el regalo de la tierra.<\/p>\n\n\n\n<p class=\"has-medium-font-size\">&#8211; Agua:  Calma la sed del difunto tras el largo viaje que ha emprendido para volver a visitarnos. <\/p>\n\n\n\n<p class=\"has-medium-font-size\">&#8211; Papel Picado: El color amarillo y morado representa la dualidad entre la vida y la muerte, as\u00ed como la alegr\u00eda del reencuentro con los difuntos.<\/p>\n\n\n\n<p class=\"has-medium-font-size\">&#8211; Calaveritas de Az\u00facar: Representa el destino final del ser humano.<\/p>\n\n\n\n<p class=\"has-medium-font-size\">&#8211; Velas: Ilumina el camino de las almas.<\/p>\n\n\n\n<p class=\"has-medium-font-size\">&#8211; Foto o retrato del difunto; Se coloca grande y de forma que puedan observarla todos.<\/p>\n\n\n\n<p class=\"has-medium-font-size\">&#8211; Sal; Purifica y evita que las \u00e1nimas se corrompan en su viaje <\/p>\n\n\n\n<p class=\"has-medium-font-size\">&#8211; Licor; Para que las almas recuerden buenos momentos.<\/p>\n\n\n\n<p class=\"has-medium-font-size\">Del 30 de octubre al 10 Noviembre podr\u00e1s visitar nuestro altar del d\u00eda de muertos en nuestras instalaciones de Bendito Nopal, en colaboraci\u00f3n con \u00abMexicanos en Galicia\u00bb.<\/p>\n\n\n\n<figure class=\"wp-block-image size-large\"><img decoding=\"async\" width=\"1024\" height=\"1024\" src=\"https:\/\/benditonopal.es\/wp-content\/uploads\/2020\/10\/dia-de-muertos1-1024x1024.jpg\" alt=\"\" class=\"wp-image-508\" srcset=\"https:\/\/benditonopal.es\/wp-content\/uploads\/2020\/10\/dia-de-muertos1-1024x1024.jpg 1024w, https:\/\/benditonopal.es\/wp-content\/uploads\/2020\/10\/dia-de-muertos1-300x300.jpg 300w, https:\/\/benditonopal.es\/wp-content\/uploads\/2020\/10\/dia-de-muertos1-150x150.jpg 150w, https:\/\/benditonopal.es\/wp-content\/uploads\/2020\/10\/dia-de-muertos1-768x768.jpg 768w, https:\/\/benditonopal.es\/wp-content\/uploads\/2020\/10\/dia-de-muertos1-1536x1536.jpg 1536w, https:\/\/benditonopal.es\/wp-content\/uploads\/2020\/10\/dia-de-muertos1-2048x2048.jpg 2048w, https:\/\/benditonopal.es\/wp-content\/uploads\/2020\/10\/dia-de-muertos1-600x600.jpg 600w, https:\/\/benditonopal.es\/wp-content\/uploads\/2020\/10\/dia-de-muertos1-100x100.jpg 100w\" sizes=\"(max-width: 1024px) 100vw, 1024px\" \/><\/figure>\n\n\n\n<figure class=\"wp-block-image size-large\"><img decoding=\"async\" width=\"1024\" height=\"683\" src=\"https:\/\/benditonopal.es\/wp-content\/uploads\/2020\/11\/IMG_0128-1024x683.jpg\" alt=\"\" class=\"wp-image-527\" srcset=\"https:\/\/benditonopal.es\/wp-content\/uploads\/2020\/11\/IMG_0128-1024x683.jpg 1024w, https:\/\/benditonopal.es\/wp-content\/uploads\/2020\/11\/IMG_0128-300x200.jpg 300w, https:\/\/benditonopal.es\/wp-content\/uploads\/2020\/11\/IMG_0128-768x512.jpg 768w, https:\/\/benditonopal.es\/wp-content\/uploads\/2020\/11\/IMG_0128-1536x1024.jpg 1536w, https:\/\/benditonopal.es\/wp-content\/uploads\/2020\/11\/IMG_0128-2048x1365.jpg 2048w, https:\/\/benditonopal.es\/wp-content\/uploads\/2020\/11\/IMG_0128-600x400.jpg 600w\" sizes=\"(max-width: 1024px) 100vw, 1024px\" \/><\/figure>\n\n\n\n<p><\/p>\n\n\n\n<figure class=\"wp-block-image size-large\"><img decoding=\"async\" width=\"1024\" height=\"683\" src=\"https:\/\/benditonopal.es\/wp-content\/uploads\/2020\/11\/IMG_0139-1024x683.jpg\" alt=\"\" class=\"wp-image-528\" srcset=\"https:\/\/benditonopal.es\/wp-content\/uploads\/2020\/11\/IMG_0139-1024x683.jpg 1024w, https:\/\/benditonopal.es\/wp-content\/uploads\/2020\/11\/IMG_0139-300x200.jpg 300w, https:\/\/benditonopal.es\/wp-content\/uploads\/2020\/11\/IMG_0139-768x512.jpg 768w, https:\/\/benditonopal.es\/wp-content\/uploads\/2020\/11\/IMG_0139-1536x1024.jpg 1536w, https:\/\/benditonopal.es\/wp-content\/uploads\/2020\/11\/IMG_0139-2048x1365.jpg 2048w, https:\/\/benditonopal.es\/wp-content\/uploads\/2020\/11\/IMG_0139-600x400.jpg 600w\" sizes=\"(max-width: 1024px) 100vw, 1024px\" \/><\/figure>\n\n\n\n<figure class=\"wp-block-image size-large\"><img decoding=\"async\" width=\"1024\" height=\"683\" src=\"https:\/\/benditonopal.es\/wp-content\/uploads\/2020\/11\/IMG_0146-1024x683.jpg\" alt=\"\" class=\"wp-image-529\" srcset=\"https:\/\/benditonopal.es\/wp-content\/uploads\/2020\/11\/IMG_0146-1024x683.jpg 1024w, https:\/\/benditonopal.es\/wp-content\/uploads\/2020\/11\/IMG_0146-300x200.jpg 300w, https:\/\/benditonopal.es\/wp-content\/uploads\/2020\/11\/IMG_0146-768x512.jpg 768w, https:\/\/benditonopal.es\/wp-content\/uploads\/2020\/11\/IMG_0146-1536x1024.jpg 1536w, https:\/\/benditonopal.es\/wp-content\/uploads\/2020\/11\/IMG_0146-2048x1365.jpg 2048w, https:\/\/benditonopal.es\/wp-content\/uploads\/2020\/11\/IMG_0146-600x400.jpg 600w\" sizes=\"(max-width: 1024px) 100vw, 1024px\" \/><\/figure>\n\n\n\n<figure class=\"wp-block-image size-large\"><img decoding=\"async\" width=\"683\" height=\"1024\" src=\"https:\/\/benditonopal.es\/wp-content\/uploads\/2020\/11\/IMG_0133-1-683x1024.jpg\" alt=\"\" class=\"wp-image-531\" srcset=\"https:\/\/benditonopal.es\/wp-content\/uploads\/2020\/11\/IMG_0133-1-683x1024.jpg 683w, https:\/\/benditonopal.es\/wp-content\/uploads\/2020\/11\/IMG_0133-1-200x300.jpg 200w, https:\/\/benditonopal.es\/wp-content\/uploads\/2020\/11\/IMG_0133-1-768x1152.jpg 768w, https:\/\/benditonopal.es\/wp-content\/uploads\/2020\/11\/IMG_0133-1-1024x1536.jpg 1024w, https:\/\/benditonopal.es\/wp-content\/uploads\/2020\/11\/IMG_0133-1-1365x2048.jpg 1365w, https:\/\/benditonopal.es\/wp-content\/uploads\/2020\/11\/IMG_0133-1-600x900.jpg 600w, https:\/\/benditonopal.es\/wp-content\/uploads\/2020\/11\/IMG_0133-1-scaled.jpg 1707w\" sizes=\"(max-width: 683px) 100vw, 683px\" \/><\/figure>\n\n\n\n<figure class=\"wp-block-image size-large is-resized\"><img decoding=\"async\" src=\"https:\/\/benditonopal.es\/wp-content\/uploads\/2020\/08\/yayodavila-por-1024x393.jpg\" alt=\"\" class=\"wp-image-468\" width=\"279\" height=\"106\" srcset=\"https:\/\/benditonopal.es\/wp-content\/uploads\/2020\/08\/yayodavila-por-1024x393.jpg 1024w, https:\/\/benditonopal.es\/wp-content\/uploads\/2020\/08\/yayodavila-por-300x115.jpg 300w, https:\/\/benditonopal.es\/wp-content\/uploads\/2020\/08\/yayodavila-por-768x295.jpg 768w, https:\/\/benditonopal.es\/wp-content\/uploads\/2020\/08\/yayodavila-por-1536x589.jpg 1536w, https:\/\/benditonopal.es\/wp-content\/uploads\/2020\/08\/yayodavila-por-2048x786.jpg 2048w, https:\/\/benditonopal.es\/wp-content\/uploads\/2020\/08\/yayodavila-por-600x230.jpg 600w\" sizes=\"(max-width: 279px) 100vw, 279px\" \/><\/figure>\n\n\n<ul class=\"wp-block-latest-posts__list is-grid columns-3 wp-block-latest-posts\"><li><a class=\"wp-block-latest-posts__post-title\" href=\"https:\/\/benditonopal.es\/?p=2419\">Cata de Cervezas Banda en Bendito Nopal<\/a><\/li>\n<li><a class=\"wp-block-latest-posts__post-title\" href=\"https:\/\/benditonopal.es\/?p=588\">Mexicanos en Galicia con Julia Acevedo<\/a><\/li>\n<li><a class=\"wp-block-latest-posts__post-title\" href=\"https:\/\/benditonopal.es\/?p=506\">DIA DE MUERTOS<\/a><\/li>\n<li><a class=\"wp-block-latest-posts__post-title\" href=\"https:\/\/benditonopal.es\/?p=490\">\u00abBocado Avocado\u00bb, Vive M\u00e9xico en tu mesa<\/a><\/li>\n<li><a class=\"wp-block-latest-posts__post-title\" href=\"https:\/\/benditonopal.es\/?p=486\">El Mezcal con Horacio Arciniega<\/a><\/li>\n<\/ul>","protected":false},"excerpt":{"rendered":"<p>D\u00eda para que todos nuestros difuntos regresen a visitarnos; es la festividad del Dia de Muertos, en M\u00e9xico se celebra y hoy queremos compartirlo fuera de \u00e9l. Para esto tenemos que remontarnos a la historia, a la \u00e9poca prehisp\u00e1nica y colonial para entender un poco de esta tradici\u00f3n. Cuenta la historia que los or\u00edgenes son &hellip;<\/p>\n<p class=\"read-more\"> <a class=\"\" href=\"https:\/\/benditonopal.es\/?p=506\"> <span class=\"screen-reader-text\">DIA DE MUERTOS<\/span> Leer m\u00e1s &raquo;<\/a><\/p>\n","protected":false},"author":1,"featured_media":509,"comment_status":"open","ping_status":"open","sticky":false,"template":"","format":"standard","meta":{"_jetpack_memberships_contains_paid_content":false,"_joinchat":[],"footnotes":""},"categories":[46],"tags":[],"yoast_head":"<!-- This site is optimized with the Yoast SEO plugin v23.3 - https:\/\/yoast.com\/wordpress\/plugins\/seo\/ -->\n<title>DIA DE MUERTOS - BenditoNopal.es<\/title>\n<meta name=\"description\" content=\"Tradici\u00f3n dia de muertos, Del 30 de octubre al 10 Noviembre podr\u00e1s ver nuestro tradicional altar del d\u00eda de muertos en una colaboraci\u00f3n con &quot;Mexicanos en Galicia&quot;\" \/>\n<meta name=\"robots\" content=\"index, follow, max-snippet:-1, max-image-preview:large, max-video-preview:-1\" \/>\n<link rel=\"canonical\" href=\"https:\/\/benditonopal.es\/?p=506\" \/>\n<meta property=\"og:locale\" content=\"es_ES\" \/>\n<meta property=\"og:type\" content=\"article\" \/>\n<meta property=\"og:title\" content=\"DIA DE MUERTOS - BenditoNopal.es\" \/>\n<meta property=\"og:description\" content=\"Tradici\u00f3n dia de muertos, Del 30 de octubre al 10 Noviembre podr\u00e1s ver nuestro tradicional altar del d\u00eda de muertos en una colaboraci\u00f3n con &quot;Mexicanos en Galicia&quot;\" \/>\n<meta property=\"og:url\" content=\"https:\/\/benditonopal.es\/?p=506\" \/>\n<meta property=\"og:site_name\" content=\"BenditoNopal.es\" \/>\n<meta property=\"article:published_time\" content=\"2020-10-27T17:02:25+00:00\" \/>\n<meta property=\"article:modified_time\" content=\"2020-11-01T13:17:53+00:00\" \/>\n<meta property=\"og:image\" content=\"https:\/\/benditonopal.es\/wp-content\/uploads\/2020\/10\/DIA-DE-MUERTOS-EN-BENDITO-NOPAL-scaled.jpg\" \/>\n\t<meta property=\"og:image:width\" content=\"2560\" \/>\n\t<meta property=\"og:image:height\" content=\"1707\" \/>\n\t<meta property=\"og:image:type\" content=\"image\/jpeg\" \/>\n<meta name=\"author\" content=\"admin\" \/>\n<meta name=\"twitter:card\" content=\"summary_large_image\" \/>\n<meta name=\"twitter:label1\" content=\"Escrito por\" \/>\n\t<meta name=\"twitter:data1\" content=\"admin\" \/>\n\t<meta name=\"twitter:label2\" content=\"Tiempo de lectura\" \/>\n\t<meta name=\"twitter:data2\" content=\"2 minutos\" \/>\n<script type=\"application\/ld+json\" class=\"yoast-schema-graph\">{\"@context\":\"https:\/\/schema.org\",\"@graph\":[{\"@type\":\"Article\",\"@id\":\"https:\/\/benditonopal.es\/?p=506#article\",\"isPartOf\":{\"@id\":\"https:\/\/benditonopal.es\/?p=506\"},\"author\":{\"name\":\"admin\",\"@id\":\"https:\/\/benditonopal.es\/#\/schema\/person\/70ef7d4913b3b59dc3fa37cb9bbd2c25\"},\"headline\":\"DIA DE MUERTOS\",\"datePublished\":\"2020-10-27T17:02:25+00:00\",\"dateModified\":\"2020-11-01T13:17:53+00:00\",\"mainEntityOfPage\":{\"@id\":\"https:\/\/benditonopal.es\/?p=506\"},\"wordCount\":429,\"commentCount\":0,\"publisher\":{\"@id\":\"https:\/\/benditonopal.es\/#organization\"},\"image\":{\"@id\":\"https:\/\/benditonopal.es\/?p=506#primaryimage\"},\"thumbnailUrl\":\"https:\/\/benditonopal.es\/wp-content\/uploads\/2020\/10\/DIA-DE-MUERTOS-EN-BENDITO-NOPAL-scaled.jpg\",\"articleSection\":[\"Columna\"],\"inLanguage\":\"es\",\"potentialAction\":[{\"@type\":\"CommentAction\",\"name\":\"Comment\",\"target\":[\"https:\/\/benditonopal.es\/?p=506#respond\"]}]},{\"@type\":\"WebPage\",\"@id\":\"https:\/\/benditonopal.es\/?p=506\",\"url\":\"https:\/\/benditonopal.es\/?p=506\",\"name\":\"DIA DE MUERTOS - BenditoNopal.es\",\"isPartOf\":{\"@id\":\"https:\/\/benditonopal.es\/#website\"},\"primaryImageOfPage\":{\"@id\":\"https:\/\/benditonopal.es\/?p=506#primaryimage\"},\"image\":{\"@id\":\"https:\/\/benditonopal.es\/?p=506#primaryimage\"},\"thumbnailUrl\":\"https:\/\/benditonopal.es\/wp-content\/uploads\/2020\/10\/DIA-DE-MUERTOS-EN-BENDITO-NOPAL-scaled.jpg\",\"datePublished\":\"2020-10-27T17:02:25+00:00\",\"dateModified\":\"2020-11-01T13:17:53+00:00\",\"description\":\"Tradici\u00f3n dia de muertos, Del 30 de octubre al 10 Noviembre podr\u00e1s ver nuestro tradicional altar del d\u00eda de muertos en una colaboraci\u00f3n con \\\"Mexicanos en Galicia\\\"\",\"breadcrumb\":{\"@id\":\"https:\/\/benditonopal.es\/?p=506#breadcrumb\"},\"inLanguage\":\"es\",\"potentialAction\":[{\"@type\":\"ReadAction\",\"target\":[\"https:\/\/benditonopal.es\/?p=506\"]}]},{\"@type\":\"ImageObject\",\"inLanguage\":\"es\",\"@id\":\"https:\/\/benditonopal.es\/?p=506#primaryimage\",\"url\":\"https:\/\/benditonopal.es\/wp-content\/uploads\/2020\/10\/DIA-DE-MUERTOS-EN-BENDITO-NOPAL-scaled.jpg\",\"contentUrl\":\"https:\/\/benditonopal.es\/wp-content\/uploads\/2020\/10\/DIA-DE-MUERTOS-EN-BENDITO-NOPAL-scaled.jpg\",\"width\":2560,\"height\":1707},{\"@type\":\"BreadcrumbList\",\"@id\":\"https:\/\/benditonopal.es\/?p=506#breadcrumb\",\"itemListElement\":[{\"@type\":\"ListItem\",\"position\":1,\"name\":\"Portada\",\"item\":\"https:\/\/benditonopal.es\/\"},{\"@type\":\"ListItem\",\"position\":2,\"name\":\"DIA DE MUERTOS\"}]},{\"@type\":\"WebSite\",\"@id\":\"https:\/\/benditonopal.es\/#website\",\"url\":\"https:\/\/benditonopal.es\/\",\"name\":\"BenditoNopal.es\",\"description\":\"Una verdadera experiencia mexicana\",\"publisher\":{\"@id\":\"https:\/\/benditonopal.es\/#organization\"},\"potentialAction\":[{\"@type\":\"SearchAction\",\"target\":{\"@type\":\"EntryPoint\",\"urlTemplate\":\"https:\/\/benditonopal.es\/?s={search_term_string}\"},\"query-input\":\"required name=search_term_string\"}],\"inLanguage\":\"es\"},{\"@type\":\"Organization\",\"@id\":\"https:\/\/benditonopal.es\/#organization\",\"name\":\"BenditoNopal.es\",\"url\":\"https:\/\/benditonopal.es\/\",\"logo\":{\"@type\":\"ImageObject\",\"inLanguage\":\"es\",\"@id\":\"https:\/\/benditonopal.es\/#\/schema\/logo\/image\/\",\"url\":\"https:\/\/benditonopal.es\/wp-content\/uploads\/2020\/05\/cropped-logo-bnopal-scaled-7.jpg\",\"contentUrl\":\"https:\/\/benditonopal.es\/wp-content\/uploads\/2020\/05\/cropped-logo-bnopal-scaled-7.jpg\",\"width\":2560,\"height\":1055,\"caption\":\"BenditoNopal.es\"},\"image\":{\"@id\":\"https:\/\/benditonopal.es\/#\/schema\/logo\/image\/\"}},{\"@type\":\"Person\",\"@id\":\"https:\/\/benditonopal.es\/#\/schema\/person\/70ef7d4913b3b59dc3fa37cb9bbd2c25\",\"name\":\"admin\",\"image\":{\"@type\":\"ImageObject\",\"inLanguage\":\"es\",\"@id\":\"https:\/\/benditonopal.es\/#\/schema\/person\/image\/\",\"url\":\"https:\/\/secure.gravatar.com\/avatar\/2370b853b00c127ff944cc34e18a49a6?s=96&d=mm&r=g\",\"contentUrl\":\"https:\/\/secure.gravatar.com\/avatar\/2370b853b00c127ff944cc34e18a49a6?s=96&d=mm&r=g\",\"caption\":\"admin\"},\"sameAs\":[\"https:\/\/benditonopal.es\"],\"url\":\"https:\/\/benditonopal.es\/?author=1\"}]}<\/script>\n<!-- \/ Yoast SEO plugin. -->","yoast_head_json":{"title":"DIA DE MUERTOS - BenditoNopal.es","description":"Tradici\u00f3n dia de muertos, Del 30 de octubre al 10 Noviembre podr\u00e1s ver nuestro tradicional altar del d\u00eda de muertos en una colaboraci\u00f3n con \"Mexicanos en Galicia\"","robots":{"index":"index","follow":"follow","max-snippet":"max-snippet:-1","max-image-preview":"max-image-preview:large","max-video-preview":"max-video-preview:-1"},"canonical":"https:\/\/benditonopal.es\/?p=506","og_locale":"es_ES","og_type":"article","og_title":"DIA DE MUERTOS - BenditoNopal.es","og_description":"Tradici\u00f3n dia de muertos, Del 30 de octubre al 10 Noviembre podr\u00e1s ver nuestro tradicional altar del d\u00eda de muertos en una colaboraci\u00f3n con \"Mexicanos en Galicia\"","og_url":"https:\/\/benditonopal.es\/?p=506","og_site_name":"BenditoNopal.es","article_published_time":"2020-10-27T17:02:25+00:00","article_modified_time":"2020-11-01T13:17:53+00:00","og_image":[{"width":2560,"height":1707,"url":"https:\/\/benditonopal.es\/wp-content\/uploads\/2020\/10\/DIA-DE-MUERTOS-EN-BENDITO-NOPAL-scaled.jpg","type":"image\/jpeg"}],"author":"admin","twitter_card":"summary_large_image","twitter_misc":{"Escrito por":"admin","Tiempo de lectura":"2 minutos"},"schema":{"@context":"https:\/\/schema.org","@graph":[{"@type":"Article","@id":"https:\/\/benditonopal.es\/?p=506#article","isPartOf":{"@id":"https:\/\/benditonopal.es\/?p=506"},"author":{"name":"admin","@id":"https:\/\/benditonopal.es\/#\/schema\/person\/70ef7d4913b3b59dc3fa37cb9bbd2c25"},"headline":"DIA DE MUERTOS","datePublished":"2020-10-27T17:02:25+00:00","dateModified":"2020-11-01T13:17:53+00:00","mainEntityOfPage":{"@id":"https:\/\/benditonopal.es\/?p=506"},"wordCount":429,"commentCount":0,"publisher":{"@id":"https:\/\/benditonopal.es\/#organization"},"image":{"@id":"https:\/\/benditonopal.es\/?p=506#primaryimage"},"thumbnailUrl":"https:\/\/benditonopal.es\/wp-content\/uploads\/2020\/10\/DIA-DE-MUERTOS-EN-BENDITO-NOPAL-scaled.jpg","articleSection":["Columna"],"inLanguage":"es","potentialAction":[{"@type":"CommentAction","name":"Comment","target":["https:\/\/benditonopal.es\/?p=506#respond"]}]},{"@type":"WebPage","@id":"https:\/\/benditonopal.es\/?p=506","url":"https:\/\/benditonopal.es\/?p=506","name":"DIA DE MUERTOS - BenditoNopal.es","isPartOf":{"@id":"https:\/\/benditonopal.es\/#website"},"primaryImageOfPage":{"@id":"https:\/\/benditonopal.es\/?p=506#primaryimage"},"image":{"@id":"https:\/\/benditonopal.es\/?p=506#primaryimage"},"thumbnailUrl":"https:\/\/benditonopal.es\/wp-content\/uploads\/2020\/10\/DIA-DE-MUERTOS-EN-BENDITO-NOPAL-scaled.jpg","datePublished":"2020-10-27T17:02:25+00:00","dateModified":"2020-11-01T13:17:53+00:00","description":"Tradici\u00f3n dia de muertos, Del 30 de octubre al 10 Noviembre podr\u00e1s ver nuestro tradicional altar del d\u00eda de muertos en una colaboraci\u00f3n con \"Mexicanos en Galicia\"","breadcrumb":{"@id":"https:\/\/benditonopal.es\/?p=506#breadcrumb"},"inLanguage":"es","potentialAction":[{"@type":"ReadAction","target":["https:\/\/benditonopal.es\/?p=506"]}]},{"@type":"ImageObject","inLanguage":"es","@id":"https:\/\/benditonopal.es\/?p=506#primaryimage","url":"https:\/\/benditonopal.es\/wp-content\/uploads\/2020\/10\/DIA-DE-MUERTOS-EN-BENDITO-NOPAL-scaled.jpg","contentUrl":"https:\/\/benditonopal.es\/wp-content\/uploads\/2020\/10\/DIA-DE-MUERTOS-EN-BENDITO-NOPAL-scaled.jpg","width":2560,"height":1707},{"@type":"BreadcrumbList","@id":"https:\/\/benditonopal.es\/?p=506#breadcrumb","itemListElement":[{"@type":"ListItem","position":1,"name":"Portada","item":"https:\/\/benditonopal.es\/"},{"@type":"ListItem","position":2,"name":"DIA DE MUERTOS"}]},{"@type":"WebSite","@id":"https:\/\/benditonopal.es\/#website","url":"https:\/\/benditonopal.es\/","name":"BenditoNopal.es","description":"Una verdadera experiencia mexicana","publisher":{"@id":"https:\/\/benditonopal.es\/#organization"},"potentialAction":[{"@type":"SearchAction","target":{"@type":"EntryPoint","urlTemplate":"https:\/\/benditonopal.es\/?s={search_term_string}"},"query-input":"required name=search_term_string"}],"inLanguage":"es"},{"@type":"Organization","@id":"https:\/\/benditonopal.es\/#organization","name":"BenditoNopal.es","url":"https:\/\/benditonopal.es\/","logo":{"@type":"ImageObject","inLanguage":"es","@id":"https:\/\/benditonopal.es\/#\/schema\/logo\/image\/","url":"https:\/\/benditonopal.es\/wp-content\/uploads\/2020\/05\/cropped-logo-bnopal-scaled-7.jpg","contentUrl":"https:\/\/benditonopal.es\/wp-content\/uploads\/2020\/05\/cropped-logo-bnopal-scaled-7.jpg","width":2560,"height":1055,"caption":"BenditoNopal.es"},"image":{"@id":"https:\/\/benditonopal.es\/#\/schema\/logo\/image\/"}},{"@type":"Person","@id":"https:\/\/benditonopal.es\/#\/schema\/person\/70ef7d4913b3b59dc3fa37cb9bbd2c25","name":"admin","image":{"@type":"ImageObject","inLanguage":"es","@id":"https:\/\/benditonopal.es\/#\/schema\/person\/image\/","url":"https:\/\/secure.gravatar.com\/avatar\/2370b853b00c127ff944cc34e18a49a6?s=96&d=mm&r=g","contentUrl":"https:\/\/secure.gravatar.com\/avatar\/2370b853b00c127ff944cc34e18a49a6?s=96&d=mm&r=g","caption":"admin"},"sameAs":["https:\/\/benditonopal.es"],"url":"https:\/\/benditonopal.es\/?author=1"}]}},"jetpack_sharing_enabled":true,"jetpack_featured_media_url":"https:\/\/benditonopal.es\/wp-content\/uploads\/2020\/10\/DIA-DE-MUERTOS-EN-BENDITO-NOPAL-scaled.jpg","_links":{"self":[{"href":"https:\/\/benditonopal.es\/index.php?rest_route=\/wp\/v2\/posts\/506"}],"collection":[{"href":"https:\/\/benditonopal.es\/index.php?rest_route=\/wp\/v2\/posts"}],"about":[{"href":"https:\/\/benditonopal.es\/index.php?rest_route=\/wp\/v2\/types\/post"}],"author":[{"embeddable":true,"href":"https:\/\/benditonopal.es\/index.php?rest_route=\/wp\/v2\/users\/1"}],"replies":[{"embeddable":true,"href":"https:\/\/benditonopal.es\/index.php?rest_route=%2Fwp%2Fv2%2Fcomments&post=506"}],"version-history":[{"count":3,"href":"https:\/\/benditonopal.es\/index.php?rest_route=\/wp\/v2\/posts\/506\/revisions"}],"predecessor-version":[{"id":533,"href":"https:\/\/benditonopal.es\/index.php?rest_route=\/wp\/v2\/posts\/506\/revisions\/533"}],"wp:featuredmedia":[{"embeddable":true,"href":"https:\/\/benditonopal.es\/index.php?rest_route=\/wp\/v2\/media\/509"}],"wp:attachment":[{"href":"https:\/\/benditonopal.es\/index.php?rest_route=%2Fwp%2Fv2%2Fmedia&parent=506"}],"wp:term":[{"taxonomy":"category","embeddable":true,"href":"https:\/\/benditonopal.es\/index.php?rest_route=%2Fwp%2Fv2%2Fcategories&post=506"},{"taxonomy":"post_tag","embeddable":true,"href":"https:\/\/benditonopal.es\/index.php?rest_route=%2Fwp%2Fv2%2Ftags&post=506"}],"curies":[{"name":"wp","href":"https:\/\/api.w.org\/{rel}","templated":true}]}}